{"id":8798,"date":"2023-01-05T11:37:39","date_gmt":"2023-01-05T10:37:39","guid":{"rendered":"https:\/\/clubnauticlarapita.com\/?p=8798"},"modified":"2023-01-05T11:37:40","modified_gmt":"2023-01-05T10:37:40","slug":"mes-de-cent-cinquanta-alumnes-de-la-rapita-siniciaran-en-lesport-de-vela-a-lescola","status":"publish","type":"post","link":"https:\/\/clubnauticlarapita.com\/index.php\/2023\/01\/05\/mes-de-cent-cinquanta-alumnes-de-la-rapita-siniciaran-en-lesport-de-vela-a-lescola\/","title":{"rendered":"M\u00e9s de cent cinquanta alumnes de la R\u00e0pita s\u2019iniciaran en l\u2019esport de vela a l\u2019escola"},"content":{"rendered":"\n<p>El Club N\u00e0utic La R\u00e0pita impulsa, per primer any, el programa \u2018Esport Blau\u00a0Escolar\u2019 als centres educatius del municipi per a apropar l\u2019entorn n\u00e0utic i mar\u00ed\u00a0als estudiants de cinqu\u00e8 de prim\u00e0ria.<\/p>\n\n\n\n<div style=\"height:100px\" aria-hidden=\"true\" class=\"wp-block-spacer\"><\/div>\n\n\n\n<p>Popularitzar, aproximar i promocionar l\u2019esport de vela entre l\u2019alumnat rapitenc, al\u00a0mateix temps que aprofitar i gaudir de la Badia dels Alfacs. Este \u00e9s l\u2019objectiu del projecte\u00a0Esport Blau Escolar que, enguany, per primer cop, impulsa el Club N\u00e0utic La R\u00e0pita,\u00a0gr\u00e0cies a la col\u00b7laboraci\u00f3 de l\u2019Ajuntament de la R\u00e0pita, el Consell Catal\u00e0 de l\u2019Esport i la\u00a0Federaci\u00f3 Catalana de Vela. Segons explica l\u2019instructor de vela del projecte, Joan Barber\u00e0,\u00a0\u201cno es tracta d\u2019un bateig de mar, que tothom pot venir i provar-ho un dia, sin\u00f3 que \u00e9s\u00a0una nova l\u00ednia d\u2019esport blau curricular a l\u2019educaci\u00f3 prim\u00e0ria, en qu\u00e8 la finalitat \u00e9s\u00a0formar els alumnes perqu\u00e8 tinguen un aprenentatge suficient per a poder navegar,\u00a0de forma aut\u00f2noma, en embarcacions de vela\u201d.<\/p>\n\n\n\n<div style=\"height:100px\" aria-hidden=\"true\" class=\"wp-block-spacer\"><\/div>\n\n\n\n<p>Enguany, fins a 158 alumnes de cinqu\u00e8 de prim\u00e0ria de l\u2019Escola Carles III, l\u2019Horta Vella\u00a0i el Col\u00b7legi Sagrada Fam\u00edlia podran iniciar-se en l\u2019esport de vela durant un trimestre. Aix\u00ed,\u00a0setmanalment, cada grup escolar gaudir\u00e0 de sessions de 2 hores per a aprendre els\u00a0conceptes del nivell b\u00e0sic d\u2019este tipus d\u2019embarcacions, la t\u00e8cnica dels esports de mar,\u00a0coneixeran i sabran les funcions dels nusos mariners, i tamb\u00e9 navegaran en embarcacions\u00a0col\u00b7lectives, dobles i individuals. Les classes, impartides per la secci\u00f3 de vela esportiva del Club N\u00e0utic, estan previstes que arrenquen a partir del mes de mar\u00e7 i s\u2019allargaran fins al\u00a0maig.<\/p>\n\n\n\n<div style=\"height:100px\" aria-hidden=\"true\" class=\"wp-block-spacer\"><\/div>\n\n\n\n<p>Les sessions es fan dintre l\u2019horari lectiu i, per tant, formen part tamb\u00e9 del curr\u00edculum&nbsp;acad\u00e8mic dins l\u2019assignatura d\u2019Educaci\u00f3 F\u00edsica. En este sentit, el cronograma del programa&nbsp;contempla una sessi\u00f3 introduct\u00f2ria on s\u2019expliquen a grans trets el contingut, el&nbsp;funcionament de les sessions i alguns conceptes relacionats amb la navegaci\u00f3 a vela, com&nbsp;identificar el vent, distingir la salinitat i les onades, tamb\u00e9 treballar la nomenclatura b\u00e0sica i&nbsp;els nusos mariners d\u2019este tipus d\u2019embarcacions: com l\u2019as de guia, el nus pla, el nus del vuiti la ballestrinca. Les cinc sessions posteriors estan programades per a desenvolupar les&nbsp;activitats al Club N\u00e0utic, en qu\u00e8 es comen\u00e7ar\u00e0 per controlar la direcci\u00f3 del tim\u00f3, navegar en&nbsp;diferents rumbs, diferenciar els conceptes d\u2019orsar i arribar aplicats a la navegaci\u00f3, escorar&nbsp;amb el pes i amb la vela, o virar.<\/p>\n\n\n\n<p>Un cop controlades les embarcacions col\u00b7lectives, a partir de la sessi\u00f3 sis, l\u2019alumnat\u00a0navegar\u00e0 en embarcacions dobles o individuals i se\u2019ls ensenyar\u00e0 els passos b\u00e0sics per a\u00a0poder ser remolcats o qu\u00e8 fer en cas de bolcada; i clouran l\u2019aprenentatge amb l\u2019entrada i\u00a0sortida de port o platja, un dels moments en qu\u00e8 m\u00e9s control de la navegaci\u00f3 es requerix. \u201cAix\u00ed, els estudiants tindran l\u2019oportunitat de sentir-se sols dalt l\u2019embarcaci\u00f3,\u00a0navegant i practicant l\u2019esport de vela en un altre nivell\u201d, indica Barber\u00e0.<\/p>\n\n\n\n<div style=\"height:100px\" aria-hidden=\"true\" class=\"wp-block-spacer\"><\/div>\n\n\n\n<p>Finalment,&nbsp;l\u2019\u00faltima sessi\u00f3 agrupar\u00e0 els tres centres educatius en una jornada de cloenda, que&nbsp;esdevindr\u00e0 una gimcana n\u00e0utica, on l\u2019alumnat podr\u00e0 posar en pr\u00e0ctica les habilitats i&nbsp;destreses desenvolupades durant el programa i interactuar amb els estudiants de les altres&nbsp;escoles. A m\u00e9s, un cop finalitzades les vint hores d\u2019aprenentatge, cada alumne obtindr\u00e0 un&nbsp;certificat que l\u2019acredita d\u2019haver apr\u00e8s els \u00edtems del nivell b\u00e0sic de vela.<\/p>\n\n\n\n<p>El curs passat va posar-se en pr\u00e0ctica una prova pilot als centres educatius, amb la\u00a0meitat de sessions formatives, que ara ha culminat amb este projecte. Barber\u00e0 valora\u00a0positivament la prova pilot com una experi\u00e8ncia en qu\u00e8 \u201calguns alumnes van fascinar-se\u00a0per la pr\u00e0ctica d\u2019este esport; d\u2019altres, esc\u00e8ptics, que s\u2019ho van prendre com una hora\u00a0m\u00e9s d\u2019escola; i uns quants van passar m\u00e9s estr\u00e8s els primers dies, per\u00f2 van acabar\u00a0gaudint. La meua opini\u00f3 personal \u00e9s que crec que \u00e9s una activitat que els dixa marca\u00a0i que, anys m\u00e9s tard, encara ho recordaran\u201d.<\/p>\n\n\n\n<div style=\"height:100px\" aria-hidden=\"true\" class=\"wp-block-spacer\"><\/div>\n\n\n\n<p>Tot i que el cost total del curs per alumne \u00e9s de 104 \u20ac, finalment, cada estudiant\u00a0nom\u00e9s ha d\u2019abonar 12 \u20ac. L\u2019Ajuntament de la R\u00e0pita, conjuntament amb el Consell Catal\u00e0\u00a0de l\u2019Esport i la Federaci\u00f3 Catalana de Vela, subvencionen el 70% del preu del curs, \u00e9s a\u00a0dir, 77 \u20ac per alumne; i el Club N\u00e0utic, al seu torn, n\u2019assumix 15 \u20ac\/alumne. La voluntat del\u00a0projecte \u00e9s que cap alumne quede excl\u00f2s per dificultats econ\u00f2miques.<\/p>\n\n\n\n<div style=\"height:100px\" aria-hidden=\"true\" class=\"wp-block-spacer\"><\/div>\n\n\n\n<p>Barber\u00e0 detalla que des de fa vint anys el Club N\u00e0utic La R\u00e0pita, juntament amb&nbsp;l\u2019Ajuntament del municipi, impulsen els esports n\u00e0utics als centres educatius del municipi a&nbsp;trav\u00e9s de la Setmana Blava, en qu\u00e8 es programen diferents activitats esportives dirigides&nbsp;als alumnes perqu\u00e8 proven de navegar en vela, caiac, rem o muletes, i tamb\u00e9 aprenguen a fer nusos mariners. \u201cA la R\u00e0pita, des de fa molts anys intentem que els alumnes&nbsp;hagen provat estes activitats, almenys, una vegada\u201d, diu Barber\u00e0, que afegix \u201cla gent&nbsp;dels pobles litorals que no fan servir el mar com a oci \u00e9s perqu\u00e8 no el coneixen, i&nbsp;nosaltres fa molts d\u2019anys que estem treballant per a canviar aix\u00f2, i que, almenys un&nbsp;cop, hagen navegat en este tipus d\u2019embarcacions\u201d.<\/p>\n\n\n\n<p>Ara, per\u00f2, el club fa un pas m\u00e9s en la promoci\u00f3 d\u2019un dels esports n\u00e0utics que, durant\u00a0tot l\u2019any, pot practicar-se a la costa rapitenca. Tot i que oficialment, arrenca enguany com a\u00a0projecte educatiu, Barber\u00e0 espera \u201cque siga una activitat que dure molts d\u2019anys, i que\u00a0els habitants dels pobles mariners incloguen els coneixements del mar dins del seu\u00a0curr\u00edculum\u201d.<\/p>\n\n\n\n<div style=\"height:100px\" aria-hidden=\"true\" class=\"wp-block-spacer\"><\/div>\n\n\n\n<p>Font Ebredigital.<\/p>\n","protected":false},"excerpt":{"rendered":"<p>El Club N\u00e0utic La R\u00e0pita impulsa, per primer any, el programa \u2018Esport Blau\u00a0Escolar\u2019 als centres educatius del municipi per a apropar l\u2019entorn n\u00e0utic i mar\u00ed\u00a0als estudiants de cinqu\u00e8 de prim\u00e0ria. Popularitzar, aproximar i promocionar l\u2019esport de vela entre l\u2019alumnat rapitenc, al\u00a0mateix temps que aprofitar i gaudir de la Badia dels Alfacs. Este \u00e9s l\u2019objectiu del &#8230; <a title=\"M\u00e9s de cent cinquanta alumnes de la R\u00e0pita s\u2019iniciaran en l\u2019esport de vela a l\u2019escola\" class=\"read-more\" href=\"https:\/\/clubnauticlarapita.com\/index.php\/2023\/01\/05\/mes-de-cent-cinquanta-alumnes-de-la-rapita-siniciaran-en-lesport-de-vela-a-lescola\/\" aria-label=\"M\u00e1s en M\u00e9s de cent cinquanta alumnes de la R\u00e0pita s\u2019iniciaran en l\u2019esport de vela a l\u2019escola\">Leer m\u00e1s<\/a><\/p>\n","protected":false},"author":6,"featured_media":8799,"comment_status":"open","ping_status":"open","sticky":false,"template":"","format":"standard","meta":[],"categories":[1],"tags":[],"_links":{"self":[{"href":"https:\/\/clubnauticlarapita.com\/index.php\/wp-json\/wp\/v2\/posts\/8798"}],"collection":[{"href":"https:\/\/clubnauticlarapita.com\/index.php\/wp-json\/wp\/v2\/posts"}],"about":[{"href":"https:\/\/clubnauticlarapita.com\/index.php\/wp-json\/wp\/v2\/types\/post"}],"author":[{"embeddable":true,"href":"https:\/\/clubnauticlarapita.com\/index.php\/wp-json\/wp\/v2\/users\/6"}],"replies":[{"embeddable":true,"href":"https:\/\/clubnauticlarapita.com\/index.php\/wp-json\/wp\/v2\/comments?post=8798"}],"version-history":[{"count":1,"href":"https:\/\/clubnauticlarapita.com\/index.php\/wp-json\/wp\/v2\/posts\/8798\/revisions"}],"predecessor-version":[{"id":8800,"href":"https:\/\/clubnauticlarapita.com\/index.php\/wp-json\/wp\/v2\/posts\/8798\/revisions\/8800"}],"wp:featuredmedia":[{"embeddable":true,"href":"https:\/\/clubnauticlarapita.com\/index.php\/wp-json\/wp\/v2\/media\/8799"}],"wp:attachment":[{"href":"https:\/\/clubnauticlarapita.com\/index.php\/wp-json\/wp\/v2\/media?parent=8798"}],"wp:term":[{"taxonomy":"category","embeddable":true,"href":"https:\/\/clubnauticlarapita.com\/index.php\/wp-json\/wp\/v2\/categories?post=8798"},{"taxonomy":"post_tag","embeddable":true,"href":"https:\/\/clubnauticlarapita.com\/index.php\/wp-json\/wp\/v2\/tags?post=8798"}],"curies":[{"name":"wp","href":"https:\/\/api.w.org\/{rel}","templated":true}]}}