{"id":8829,"date":"2023-03-01T13:42:09","date_gmt":"2023-03-01T12:42:09","guid":{"rendered":"https:\/\/clubnauticlarapita.com\/?p=8829"},"modified":"2023-03-01T13:42:10","modified_gmt":"2023-03-01T12:42:10","slug":"setze-embarcacions-participen-en-la-regata-social-carnavalera-del-club-nautic-la-rapita","status":"publish","type":"post","link":"https:\/\/clubnauticlarapita.com\/index.php\/2023\/03\/01\/setze-embarcacions-participen-en-la-regata-social-carnavalera-del-club-nautic-la-rapita\/","title":{"rendered":"Setze embarcacions participen en la regata social \u2018Carnavalera\u2019 del Club N\u00e0utic la R\u00e0pita"},"content":{"rendered":"\n<p>Fins a setze embarcacions van participar, el passat dissabte 18 de febrer, en la Regata Carnavalera organitzada per la secci\u00f3 de vela del&nbsp;<a href=\"https:\/\/clubnauticlarapita.com\/\" target=\"_blank\" rel=\"noreferrer noopener\">Club N\u00e0utic la R\u00e0pita<\/a>. La jornada, que va comptar amb una climatologia suau, va poder-se celebrar amb normalitat i comoditat, i el vent agradable va permetre que totes les embarcacions fessen la cursa amb un temps d\u2019entre dos i tres hores.<\/p>\n\n\n\n<p>En tractar-se de regates socials, les embarcacions que hi participen, provinents tant del mateix club com de Sant Carles Marina, s\u00f3n de diferents dimensions i caracter\u00edstiques. En este sentit, n\u2019hi ha algunes que poden anar m\u00e9s r\u00e0pides o que disposen de m\u00e9s eslora. Davant d\u2019aix\u00f2, i per tal que les embarcacions de menor mida i prestacions puguen participar amb les m\u00e9s grans, s\u2019aplica el R\u00e0ting, un coeficient corrector que s\u2019assigna a cada veler per a calcular el seu temps compensat partint del temps real en qu\u00e8 ha completat la prova.<\/p>\n\n\n\n<p>Aix\u00ed, la regata va comptar amb tres categories: la classe A i la classe B, en qu\u00e8 les embarcacions s\u00f3n m\u00e9s r\u00e0pides i es classifiquen per la difer\u00e8ncia de velocitats entre unes i altres; i la classe C \u00e9s una regata de m\u00e9s curta dist\u00e0ncia, amb una menor dificultat i que no implica tantes maniobres, que seguix un format que s\u2019assembla m\u00e9s a una travessia.<\/p>\n\n\n\n<div style=\"height:100px\" aria-hidden=\"true\" class=\"wp-block-spacer\"><\/div>\n\n\n\n<p>Pel que fa a la classificaci\u00f3 final, en la categoria A, en qu\u00e8 van participar quatre velers, l\u2019embarcaci\u00f3 Garv\u00ed va emportar-se el primer lloc, amb un temps compensat final de 2:17\u201902\u2019\u2019; seguida de Grumol II, que va aconseguir un temps de 2:20\u201910\u2019\u2019; i, en tercer lloc, Vogamari, que va fer la regata amb un temps final de 2:28\u201917\u2019\u2019. En la categoria B, amb un total de set embarcacions participants, va situar-se en primer lloc el veler Chaval (2:18\u201930\u2019\u2019), Sasa, segon (2:26\u201906\u2019\u2019); i Tasmania Segundo, tercer (2:33\u201934\u2019\u2019). Altrament, en la categoria C, dels cinc velers que van enfrontar-se a la regata, Varanasi va aconseguir el primer lloc (2:00\u201903\u2019\u2019); l\u2019embarcaci\u00f3 Kraken, el segon (2:03\u201909\u2019\u2019); i Acamar, el tercer (2:09\u201935\u2019\u2019).<\/p>\n\n\n\n<p>Les regates socials organitzades per la secci\u00f3 de vela del Club N\u00e0utic la R\u00e0pita compten sempre amb m\u00e9s d\u2019una quinzena d\u2019embarcacions participants, o incl\u00fas poden arribar a doblar-se. Segons l\u2019instructor de vela del Club N\u00e0utic la R\u00e0pita i tamb\u00e9 organitzador de les regates,\u00a0<a rel=\"noreferrer noopener\" href=\"https:\/\/www.linkedin.com\/in\/joan-barber%C3%A0-8a5a14175\/?originalSubdomain=es\" target=\"_blank\">Joan Barber\u00e0<\/a>, tot i no trobar-se en calendaris federatius,\u00a0<strong>\u201cs\u00f3n unes regates de les quals ens en sentim molt orgullosos, perqu\u00e8 no hi ha gaires llocs a Catalunya on es mantinguen des de fa 25 anys les regates cada quinze dies, amb tant volum d\u2019activitat i tant de seguiment\u201d<\/strong>, que afegix que, de cara a l\u2019estiu,\u00a0<strong>\u201csegurament ens trobarem amb regates de m\u00e9s de trenta embarcacions\u201d.<\/strong><\/p>\n\n\n\n<p><\/p>\n\n\n\n<div style=\"height:100px\" aria-hidden=\"true\" class=\"wp-block-spacer\"><\/div>\n\n\n\n<p>D\u2019altra banda, i coincidint amb la festa de Carnestoltes, des del Club N\u00e0utic la R\u00e0pita va animar-se a tots els participants de la regata social a disfressar-se i participar en el concurs de disfresses.&nbsp;<strong>\u201cAix\u00ed, vam poder veure embarcacions en qu\u00e8 tots els integrants anaven vestits de ciclistes i incl\u00fas van posar una bicicleta dalt del veler; d\u2019altres que portaven perruques i vestits cridaners i que van posar adhesius a l\u2019embarcaci\u00f3; o alguns que van disfressar-se de taurons o de pirates. Tanmateix, els que van emportar-se l\u2019aclamaci\u00f3 del p\u00fablic van ser els integrants d\u2019un veler, en qu\u00e8 un anava disfressat de peix, i l\u2019altre, de mariner amb l\u2019impermeable groc que tots reconeixem i una canya de pescar\u201d,<\/strong>&nbsp;explica Barber\u00e0.<\/p>\n\n\n\n<p>Despr\u00e9s de la votaci\u00f3 gaireb\u00e9 un\u00e0nime del jurat, l\u2019embarcaci\u00f3 Garv\u00ed, que anaven disfressats de peix i marisc, van emportar-se l\u2019aclamaci\u00f3 del p\u00fablic i tamb\u00e9 el primer premi del concurs de disfresses, que va consistir amb un trofeu en forma de vaixell de vela.\u00a0<strong>\u201cA l\u2019hora de recollir el premi, els integrants de l\u2019embarcaci\u00f3 Garv\u00ed van fer una performance en arribar al bar del club que, sumat a la disfressa elaborada que vestien, els va fer mereixedors de guanyar el concurs\u201d<\/strong>, conclou Barber\u00e0.<\/p>\n\n\n\n<p><\/p>\n\n\n\n<div style=\"height:100px\" aria-hidden=\"true\" class=\"wp-block-spacer\"><\/div>\n\n\n\n<p>Font: Ebre Esport<\/p>\n","protected":false},"excerpt":{"rendered":"<p>Fins a setze embarcacions van participar, el passat dissabte 18 de febrer, en la Regata Carnavalera organitzada per la secci\u00f3 de vela del&nbsp;Club N\u00e0utic la R\u00e0pita. La jornada, que va comptar amb una climatologia suau, va poder-se celebrar amb normalitat i comoditat, i el vent agradable va permetre que totes les embarcacions fessen la cursa &#8230; <a title=\"Setze embarcacions participen en la regata social \u2018Carnavalera\u2019 del Club N\u00e0utic la R\u00e0pita\" class=\"read-more\" href=\"https:\/\/clubnauticlarapita.com\/index.php\/2023\/03\/01\/setze-embarcacions-participen-en-la-regata-social-carnavalera-del-club-nautic-la-rapita\/\" aria-label=\"M\u00e1s en Setze embarcacions participen en la regata social \u2018Carnavalera\u2019 del Club N\u00e0utic la R\u00e0pita\">Leer m\u00e1s<\/a><\/p>\n","protected":false},"author":6,"featured_media":8830,"comment_status":"open","ping_status":"open","sticky":false,"template":"","format":"standard","meta":[],"categories":[87],"tags":[],"_links":{"self":[{"href":"https:\/\/clubnauticlarapita.com\/index.php\/wp-json\/wp\/v2\/posts\/8829"}],"collection":[{"href":"https:\/\/clubnauticlarapita.com\/index.php\/wp-json\/wp\/v2\/posts"}],"about":[{"href":"https:\/\/clubnauticlarapita.com\/index.php\/wp-json\/wp\/v2\/types\/post"}],"author":[{"embeddable":true,"href":"https:\/\/clubnauticlarapita.com\/index.php\/wp-json\/wp\/v2\/users\/6"}],"replies":[{"embeddable":true,"href":"https:\/\/clubnauticlarapita.com\/index.php\/wp-json\/wp\/v2\/comments?post=8829"}],"version-history":[{"count":1,"href":"https:\/\/clubnauticlarapita.com\/index.php\/wp-json\/wp\/v2\/posts\/8829\/revisions"}],"predecessor-version":[{"id":8831,"href":"https:\/\/clubnauticlarapita.com\/index.php\/wp-json\/wp\/v2\/posts\/8829\/revisions\/8831"}],"wp:featuredmedia":[{"embeddable":true,"href":"https:\/\/clubnauticlarapita.com\/index.php\/wp-json\/wp\/v2\/media\/8830"}],"wp:attachment":[{"href":"https:\/\/clubnauticlarapita.com\/index.php\/wp-json\/wp\/v2\/media?parent=8829"}],"wp:term":[{"taxonomy":"category","embeddable":true,"href":"https:\/\/clubnauticlarapita.com\/index.php\/wp-json\/wp\/v2\/categories?post=8829"},{"taxonomy":"post_tag","embeddable":true,"href":"https:\/\/clubnauticlarapita.com\/index.php\/wp-json\/wp\/v2\/tags?post=8829"}],"curies":[{"name":"wp","href":"https:\/\/api.w.org\/{rel}","templated":true}]}}